{"id":3960,"date":"2024-11-29T14:28:30","date_gmt":"2024-11-29T14:28:30","guid":{"rendered":"https:\/\/transformativecommunication.net\/?p=3960"},"modified":"2026-01-15T15:02:23","modified_gmt":"2026-01-15T15:02:23","slug":"disruptive-klimaproteste","status":"publish","type":"post","link":"https:\/\/transformativecommunication.net\/en\/research-projects\/depolarizing-public-debates\/disruptive-klimaproteste\/","title":{"rendered":"(Disruptive) climate protests"},"content":{"rendered":"<div data-elementor-type=\"wp-post\" data-elementor-id=\"3960\" class=\"elementor elementor-3960\">\n\t\t\t\t<div class=\"elementor-element elementor-element-305a943 e-flex e-con-boxed e-con e-parent\" data-id=\"305a943\" data-element_type=\"container\" data-e-type=\"container\">\n\t\t\t\t\t<div class=\"e-con-inner\">\n\t\t\t\t<div class=\"elementor-element elementor-element-2ec124d elementor-widget elementor-widget-heading\" data-id=\"2ec124d\" data-element_type=\"widget\" data-e-type=\"widget\" data-widget_type=\"heading.default\">\n\t\t\t\t<div class=\"elementor-widget-container\">\n\t\t\t\t\t<h2 class=\"elementor-heading-title elementor-size-default\">From Disruptive Protests to Discursive Polarization? Comparing German News on Fridays for Future and Letzte Generation<\/h2>\t\t\t\t<\/div>\n\t\t\t\t<\/div>\n\t\t\t\t\t<\/div>\n\t\t\t\t<\/div>\n\t\t<div class=\"elementor-element elementor-element-f0c4be7 e-flex e-con-boxed e-con e-parent\" data-id=\"f0c4be7\" data-element_type=\"container\" data-e-type=\"container\">\n\t\t\t\t\t<div class=\"e-con-inner\">\n\t\t\t\t<div class=\"elementor-element elementor-element-dc2ad99 elementor-widget elementor-widget-text-editor\" data-id=\"dc2ad99\" data-element_type=\"widget\" data-e-type=\"widget\" data-widget_type=\"text-editor.default\">\n\t\t\t\t<div class=\"elementor-widget-container\">\n\t\t\t\t\t\t\t\t\t<p><a href=\"https:\/\/transformativecommunication.net\/en\/team-2\/\">Hendrik Meyer<\/a>, <a href=\"https:\/\/transformativecommunication.net\/en\/team-2\/\">Mike Farjam<\/a>, <a href=\"https:\/\/www.gesis.org\/institut\/ueber-uns\/mitarbeitendenverzeichnis\/person\/Helena.Rauxloh\">Helena Rauxloh<\/a>, <a href=\"https:\/\/transformativecommunication.net\/en\/team-2\/\">Michael Br\u00fcggemann<\/a><\/p>\t\t\t\t\t\t\t\t<\/div>\n\t\t\t\t<\/div>\n\t\t\t\t\t<\/div>\n\t\t\t\t<\/div>\n\t\t<div class=\"elementor-element elementor-element-fee8802 e-flex e-con-boxed e-con e-parent\" data-id=\"fee8802\" data-element_type=\"container\" data-e-type=\"container\">\n\t\t\t\t\t<div class=\"e-con-inner\">\n\t\t\t\t<div class=\"elementor-element elementor-element-5def222 elementor-widget elementor-widget-text-editor\" data-id=\"5def222\" data-element_type=\"widget\" data-e-type=\"widget\" data-widget_type=\"text-editor.default\">\n\t\t\t\t<div class=\"elementor-widget-container\">\n\t\t\t\t\t\t\t\t\t<p><span style=\"font-weight: 400;\">Climate protesters are sometimes characterized as polarizing, but not all movements equally. Some movements\u2019 actions are perceived as more disruptive than others, for example, by blocking traffic on a street, compared to a registered demonstration as a more conventional form of protest. Such unconventional, illegal, or disruptive forms of protest do not necessarily lead to a rejection of the cause such as climate protection measures. Radical movements may even increase support for moderate protests. In Germany, however, support for climate protests has recently decreased significantly (<a href=\"https:\/\/www.moreincommon.de\/klimabewegung\/\">More in Common, 2023<\/a>), after the disruptive protest organization \u201cLetzte Generation\u201d (Last Generation, LG) emerged. LG is said to have polarized the debate. We therefore test whether disruptive forms of climate protest lead to more polarized climate debates in Germany and which actors actually drive these polarization processes.<\/span><\/p><p><span style=\"font-weight: 400;\">We present results of large-scale manual and computational analyses of German media discourses during 2022 and 2023, consisting of more than 12,000 news articles and 5,000,000 Twitter posts, comparing debates surrounding Fridays for Future (FFF) and the Letzte Generation (LG). We investigate whether the discourses vary in their degrees of \"discursive polarization\" operationalized as the use of extreme frames, toxic and angry interactions both in media content and in network structures.<\/span><\/p><p><span style=\"font-weight: 400;\">The analyses of the Twitter debates show that while discourses around LG generate more attention, they also lead to more antagonistic and extreme frames, labeling protesters as terrorists or murderers. This aggression is directed not only against LG as an organization, but also against their online supporters. The LG supporters on the other hand, mainly call for action against climate change and defend the actions of the movement, while only very rarely promoting extreme doomsday scenarios or attacking the oppositional network cluster.<\/span> <span style=\"font-weight: 400;\">FFF-related Twitter debates also attract extreme and uncivil content, but this content is posted by a comparatively smaller network cluster of right-wing users.<\/span><\/p>\t\t\t\t\t\t\t\t<\/div>\n\t\t\t\t<\/div>\n\t\t\t\t\t<\/div>\n\t\t\t\t<\/div>\n\t\t<div class=\"elementor-element elementor-element-a0636ea e-flex e-con-boxed e-con e-parent\" data-id=\"a0636ea\" data-element_type=\"container\" data-e-type=\"container\">\n\t\t\t\t\t<div class=\"e-con-inner\">\n\t\t\t\t<div class=\"elementor-element elementor-element-5607992 elementor-widget elementor-widget-image\" data-id=\"5607992\" data-element_type=\"widget\" data-e-type=\"widget\" data-widget_type=\"image.default\">\n\t\t\t\t<div class=\"elementor-widget-container\">\n\t\t\t\t\t\t\t\t\t\t\t\t<figure class=\"wp-caption\">\n\t\t\t\t\t\t\t\t\t\t<img fetchpriority=\"high\" decoding=\"async\" width=\"908\" height=\"656\" src=\"https:\/\/transformativecommunication.net\/wp-content\/uploads\/2024\/11\/Netzwerk.png\" class=\"attachment-large size-large wp-image-3968\" alt=\"\" srcset=\"https:\/\/transformativecommunication.net\/wp-content\/uploads\/2024\/11\/Netzwerk.png 908w, https:\/\/transformativecommunication.net\/wp-content\/uploads\/2024\/11\/Netzwerk-300x217.png 300w, https:\/\/transformativecommunication.net\/wp-content\/uploads\/2024\/11\/Netzwerk-768x555.png 768w, https:\/\/transformativecommunication.net\/wp-content\/uploads\/2024\/11\/Netzwerk-18x12.png 18w\" sizes=\"(max-width: 908px) 100vw, 908px\" \/>\t\t\t\t\t\t\t\t\t\t\t<figcaption class=\"widget-image-caption wp-caption-text\">Network  visualization  of  the  amplification  structure  of  both  discourses, illustrating the alignment of automated community detection, the distribution of frames, and user types. <\/figcaption>\n\t\t\t\t\t\t\t\t\t\t<\/figure>\n\t\t\t\t\t\t\t\t\t<\/div>\n\t\t\t\t<\/div>\n\t\t\t\t\t<\/div>\n\t\t\t\t<\/div>\n\t\t<div class=\"elementor-element elementor-element-50f32fc e-flex e-con-boxed e-con e-parent\" data-id=\"50f32fc\" data-element_type=\"container\" data-e-type=\"container\">\n\t\t\t\t\t<div class=\"e-con-inner\">\n\t\t\t\t<div class=\"elementor-element elementor-element-937b6db elementor-widget elementor-widget-spacer\" data-id=\"937b6db\" data-element_type=\"widget\" data-e-type=\"widget\" data-widget_type=\"spacer.default\">\n\t\t\t\t<div class=\"elementor-widget-container\">\n\t\t\t\t\t\t\t<div class=\"elementor-spacer\">\n\t\t\t<div class=\"elementor-spacer-inner\"><\/div>\n\t\t<\/div>\n\t\t\t\t\t\t<\/div>\n\t\t\t\t<\/div>\n\t\t\t\t\t<\/div>\n\t\t\t\t<\/div>\n\t\t<div class=\"elementor-element elementor-element-369d513 e-flex e-con-boxed e-con e-parent\" data-id=\"369d513\" data-element_type=\"container\" data-e-type=\"container\">\n\t\t\t\t\t<div class=\"e-con-inner\">\n\t\t\t\t<div class=\"elementor-element elementor-element-2dd1c24 elementor-widget elementor-widget-text-editor\" data-id=\"2dd1c24\" data-element_type=\"widget\" data-e-type=\"widget\" data-widget_type=\"text-editor.default\">\n\t\t\t\t<div class=\"elementor-widget-container\">\n\t\t\t\t\t\t\t\t\t<p><span style=\"font-weight: 400;\">A similar picture emerges in journalistic coverage: reports on FFF are less toxic and refer to the cause of the movement (climate justice), whereas LG is primarily discussed from the perspectives of the extremism and crime frames. While only right-wing populist media talk about FFF in an extreme and toxic way, these voices are found in the entire media landscape when discussing LG protests. Subsequently, the language of rightwing-populist media is adopted across all outlets for the more disruptive protests.<\/span><\/p>\t\t\t\t\t\t\t\t<\/div>\n\t\t\t\t<\/div>\n\t\t\t\t\t<\/div>\n\t\t\t\t<\/div>\n\t\t<div class=\"elementor-element elementor-element-578a5d8 e-flex e-con-boxed e-con e-parent\" data-id=\"578a5d8\" data-element_type=\"container\" data-e-type=\"container\">\n\t\t\t\t\t<div class=\"e-con-inner\">\n\t\t\t\t<div class=\"elementor-element elementor-element-b3eeffd elementor-widget elementor-widget-image\" data-id=\"b3eeffd\" data-element_type=\"widget\" data-e-type=\"widget\" data-widget_type=\"image.default\">\n\t\t\t\t<div class=\"elementor-widget-container\">\n\t\t\t\t\t\t\t\t\t\t\t\t\t\t\t<img decoding=\"async\" width=\"908\" height=\"526\" src=\"https:\/\/transformativecommunication.net\/wp-content\/uploads\/2024\/11\/1.png\" class=\"attachment-large size-large wp-image-4931\" alt=\"\" srcset=\"https:\/\/transformativecommunication.net\/wp-content\/uploads\/2024\/11\/1.png 908w, https:\/\/transformativecommunication.net\/wp-content\/uploads\/2024\/11\/1-300x174.png 300w, https:\/\/transformativecommunication.net\/wp-content\/uploads\/2024\/11\/1-768x445.png 768w, https:\/\/transformativecommunication.net\/wp-content\/uploads\/2024\/11\/1-18x10.png 18w\" sizes=\"(max-width: 908px) 100vw, 908px\" \/>\t\t\t\t\t\t\t\t\t\t\t\t\t\t\t<\/div>\n\t\t\t\t<\/div>\n\t\t\t\t\t<\/div>\n\t\t\t\t<\/div>\n\t\t<div class=\"elementor-element elementor-element-526d54e e-flex e-con-boxed e-con e-parent\" data-id=\"526d54e\" data-element_type=\"container\" data-e-type=\"container\">\n\t\t\t\t\t<div class=\"e-con-inner\">\n\t\t\t\t<div class=\"elementor-element elementor-element-24f941e elementor-widget elementor-widget-spacer\" data-id=\"24f941e\" data-element_type=\"widget\" data-e-type=\"widget\" data-widget_type=\"spacer.default\">\n\t\t\t\t<div class=\"elementor-widget-container\">\n\t\t\t\t\t\t\t<div class=\"elementor-spacer\">\n\t\t\t<div class=\"elementor-spacer-inner\"><\/div>\n\t\t<\/div>\n\t\t\t\t\t\t<\/div>\n\t\t\t\t<\/div>\n\t\t\t\t\t<\/div>\n\t\t\t\t<\/div>\n\t\t<div class=\"elementor-element elementor-element-7a5c33a e-flex e-con-boxed e-con e-parent\" data-id=\"7a5c33a\" data-element_type=\"container\" data-e-type=\"container\">\n\t\t\t\t\t<div class=\"e-con-inner\">\n\t\t\t\t<div class=\"elementor-element elementor-element-e905543 elementor-widget elementor-widget-text-editor\" data-id=\"e905543\" data-element_type=\"widget\" data-e-type=\"widget\" data-widget_type=\"text-editor.default\">\n\t\t\t\t<div class=\"elementor-widget-container\">\n\t\t\t\t\t\t\t\t\t<p><span style=\"font-weight: 400;\">We thus argue that mostly rightwing-populist actors (both political actors and media outlets) are responsible for the initial spreading of polarizing content in climate protest debates, resulting in an \u2018asymmetrical polarization\u2019 of online and news media debates: the whole debate becomes more toxic and moves to frames originally propagated by populist-right wing actors. While media outlets only quote extreme voices and do not necessarily share them in their own commentary, journalists are to be held responsible for providing salience to certain frames. While LG has provided the trigger for the polarization of the debate, it was fuelled by interested political-media actors. The process of discourse polarization is driven by the interactions of politics, journalism and digital media use under the influence of the affordances of digital platforms.<\/span><\/p>\t\t\t\t\t\t\t\t<\/div>\n\t\t\t\t<\/div>\n\t\t\t\t\t<\/div>\n\t\t\t\t<\/div>\n\t\t<div class=\"elementor-element elementor-element-8bdd8bd e-flex e-con-boxed e-con e-parent\" data-id=\"8bdd8bd\" data-element_type=\"container\" data-e-type=\"container\">\n\t\t\t\t\t<div class=\"e-con-inner\">\n\t\t\t\t<div class=\"elementor-element elementor-element-557be87 elementor-widget-divider--view-line elementor-widget elementor-widget-divider\" data-id=\"557be87\" data-element_type=\"widget\" data-e-type=\"widget\" data-widget_type=\"divider.default\">\n\t\t\t\t<div class=\"elementor-widget-container\">\n\t\t\t\t\t\t\t<div class=\"elementor-divider\">\n\t\t\t<span class=\"elementor-divider-separator\">\n\t\t\t\t\t\t<\/span>\n\t\t<\/div>\n\t\t\t\t\t\t<\/div>\n\t\t\t\t<\/div>\n\t\t\t\t\t<\/div>\n\t\t\t\t<\/div>\n\t\t<div class=\"elementor-element elementor-element-9dabd06 e-flex e-con-boxed e-con e-parent\" data-id=\"9dabd06\" data-element_type=\"container\" data-e-type=\"container\">\n\t\t\t\t\t<div class=\"e-con-inner\">\n\t\t\t\t<div class=\"elementor-element elementor-element-cb82975 elementor-widget elementor-widget-text-editor\" data-id=\"cb82975\" data-element_type=\"widget\" data-e-type=\"widget\" data-widget_type=\"text-editor.default\">\n\t\t\t\t<div class=\"elementor-widget-container\">\n\t\t\t\t\t\t\t\t\t<p><strong>Meyer, H., Farjam, M., Rauxloh, H., &amp; Br\u00fcggemann, M. (2025). From disruptive protests to disrupted news frames: Comparing German news on climate protests. Journalism. https:\/\/doi.org\/10.1177\/14648849251372805.\u00a0 <\/strong><\/p>\t\t\t\t\t\t\t\t<\/div>\n\t\t\t\t<\/div>\n\t\t\t\t\t<\/div>\n\t\t\t\t<\/div>\n\t\t\t\t<\/div>","protected":false},"excerpt":{"rendered":"<p>Die Letzte Generation vs. Fridays-for-Future: Von disruptiven Klimaprotesten zu diskursiver Polarisierung? Hendrik Meyer, Mike Farjam, Helena Rauxloh, Michael Br\u00fcggemann Klimaprotestbewegungen werden zuweilen als polarisierend wahrgenommen, jedoch nicht alle im gleichen Ma\u00dfe. Protestbewegungen, die den Stra\u00dfenverkehr blockieren, werden als st\u00f6render empfunden als angemeldete Demonstrationen, die eine konventionellere Protestform repr\u00e4sentieren. Unkonventionelle, illegale oder st\u00f6rende Protestformen f\u00fchren jedoch [&hellip;]<\/p>\n","protected":false},"author":2,"featured_media":3961,"comment_status":"open","ping_status":"open","sticky":false,"template":"","format":"standard","meta":{"footnotes":""},"categories":[24,40,27,60],"tags":[],"class_list":["post-3960","post","type-post","status-publish","format-standard","has-post-thumbnail","hentry","category-depolarizing-public-debates","category-research-projects","category-fuel2-the-fire","category-klimaprotest"],"blocksy_meta":[],"_links":{"self":[{"href":"https:\/\/transformativecommunication.net\/en\/wp-json\/wp\/v2\/posts\/3960","targetHints":{"allow":["GET"]}}],"collection":[{"href":"https:\/\/transformativecommunication.net\/en\/wp-json\/wp\/v2\/posts"}],"about":[{"href":"https:\/\/transformativecommunication.net\/en\/wp-json\/wp\/v2\/types\/post"}],"author":[{"embeddable":true,"href":"https:\/\/transformativecommunication.net\/en\/wp-json\/wp\/v2\/users\/2"}],"replies":[{"embeddable":true,"href":"https:\/\/transformativecommunication.net\/en\/wp-json\/wp\/v2\/comments?post=3960"}],"version-history":[{"count":43,"href":"https:\/\/transformativecommunication.net\/en\/wp-json\/wp\/v2\/posts\/3960\/revisions"}],"predecessor-version":[{"id":4934,"href":"https:\/\/transformativecommunication.net\/en\/wp-json\/wp\/v2\/posts\/3960\/revisions\/4934"}],"wp:featuredmedia":[{"embeddable":true,"href":"https:\/\/transformativecommunication.net\/en\/wp-json\/wp\/v2\/media\/3961"}],"wp:attachment":[{"href":"https:\/\/transformativecommunication.net\/en\/wp-json\/wp\/v2\/media?parent=3960"}],"wp:term":[{"taxonomy":"category","embeddable":true,"href":"https:\/\/transformativecommunication.net\/en\/wp-json\/wp\/v2\/categories?post=3960"},{"taxonomy":"post_tag","embeddable":true,"href":"https:\/\/transformativecommunication.net\/en\/wp-json\/wp\/v2\/tags?post=3960"}],"curies":[{"name":"wp","href":"https:\/\/api.w.org\/{rel}","templated":true}]}}